{"id":2287,"date":"2024-11-11T15:08:31","date_gmt":"2024-11-11T15:08:31","guid":{"rendered":"https:\/\/www.usspainexecutives.org\/?p=2287"},"modified":"2024-11-11T15:08:31","modified_gmt":"2024-11-11T15:08:31","slug":"english-ayuda-a-las-victimas-de-la-dana-en-valencia","status":"publish","type":"post","link":"https:\/\/www.usspainexecutives.org\/en\/2024\/11\/11\/english-ayuda-a-las-victimas-de-la-dana-en-valencia\/","title":{"rendered":"Ayuda a las v\u00edctimas de la Dana en Valencia."},"content":{"rendered":"<p>\ud83c\udf0d\ud83e\udd1d Ayuda a las v\u00edctimas de la DANA en Valencia \u2013 \u00a1Tu apoyo puede hacer la diferencia!<\/p>\n<p>Como miembros de <a class=\"app-aware-link \" href=\"https:\/\/www.linkedin.com\/company\/us-spain-executives-community\/\" target=\"_self\" data-test-app-aware-link=\"\" rel=\"noopener\">US Spain Executives Community<\/a>, nos unimos para ofrecer nuestro apoyo a todas las personas afectadas por la DANA que ha devastado la regi\u00f3n de Valencia. Muchas familias han perdido sus hogares y enfrentan una situaci\u00f3n de gran vulnerabilidad. Es el momento de demostrar la fuerza de nuestra comunidad.<\/p>\n<p>\u00bfC\u00f3mo puedes ayudar?<\/p>\n<p>\ud83d\udd39 Donaciones monetarias: Tu contribuci\u00f3n es fundamental para ayudar a las familias afectadas, cubrir necesidades b\u00e1sicas como alimentos, ropa, y suministros m\u00e9dicos, as\u00ed como para las labores de reconstrucci\u00f3n.<\/p>\n<p>\ud83c\uddea\ud83c\uddf8 Donaciones desde Espa\u00f1a:<br \/>\n\ud83d\udc49 Cruz Roja: <a class=\"app-aware-link \" href=\"https:\/\/lnkd.in\/e_nnbmbA\" target=\"_self\" data-test-app-aware-link=\"\" rel=\"noopener\">https:\/\/lnkd.in\/e_nnbmbA<\/a><br \/>\n\ud83d\udc49 Caritas: <a class=\"app-aware-link \" href=\"https:\/\/lnkd.in\/dK67Mr4p\" target=\"_self\" data-test-app-aware-link=\"\" rel=\"noopener\">https:\/\/lnkd.in\/dK67Mr4p<\/a><br \/>\n\ud83d\udc49 Comunidad Valenciana: <a class=\"app-aware-link \" href=\"https:\/\/lnkd.in\/e6hYhdqx\" target=\"_self\" data-test-app-aware-link=\"\" rel=\"noopener\">https:\/\/lnkd.in\/e6hYhdqx<\/a><\/p>\n<p>\ud83c\uddfa\ud83c\uddf8 Donaciones desde EE. UU.:<br \/>\n\ud83d\udc49 World Central Kitchen: <a class=\"app-aware-link \" href=\"https:\/\/lnkd.in\/eV_Q9Pmu\" target=\"_self\" data-test-app-aware-link=\"\" rel=\"noopener\">https:\/\/lnkd.in\/eV_Q9Pmu<\/a><\/p>\n<p>\ud83d\udd39 Difusi\u00f3n: Si no puedes colaborar de manera econ\u00f3mica o en persona, difundir este mensaje y promover las campa\u00f1as de donaci\u00f3n es otra forma poderosa de contribuir.<\/p>\n<p>Gracias por tu solidaridad y por contribuir a la recuperaci\u00f3n de Valencia en estos momentos tan dif\u00edciles. Juntos podemos hacer frente a la adversidad y ayudar a las v\u00edctimas de la DANA.<\/p>","protected":false},"excerpt":{"rendered":"<p>\ud83c\udf0d\ud83e\udd1d Ayuda a las v\u00edctimas de la DANA en Valencia \u2013 \u00a1Tu apoyo puede hacer la diferencia! Como miembros de US Spain Executives Community, nos unimos para ofrecer nuestro apoyo a todas las personas afectadas por la DANA que ha devastado la regi\u00f3n de Valencia. Muchas familias han perdido sus hogares y enfrentan una situaci\u00f3n [&hellip;]<\/p>\n","protected":false},"author":3,"featured_media":0,"comment_status":"closed","ping_status":"open","sticky":false,"template":"","format":"standard","meta":{"_genesis_hide_title":false,"_genesis_hide_breadcrumbs":false,"_genesis_hide_singular_image":false,"_genesis_hide_footer_widgets":false,"_genesis_custom_body_class":"","_genesis_custom_post_class":"","_genesis_layout":"","footnotes":""},"categories":[1],"tags":[],"class_list":{"0":"post-2287","1":"post","2":"type-post","3":"status-publish","4":"format-standard","6":"category-uncategorized","7":"entry"},"_links":{"self":[{"href":"https:\/\/www.usspainexecutives.org\/en\/wp-json\/wp\/v2\/posts\/2287","targetHints":{"allow":["GET"]}}],"collection":[{"href":"https:\/\/www.usspainexecutives.org\/en\/wp-json\/wp\/v2\/posts"}],"about":[{"href":"https:\/\/www.usspainexecutives.org\/en\/wp-json\/wp\/v2\/types\/post"}],"author":[{"embeddable":true,"href":"https:\/\/www.usspainexecutives.org\/en\/wp-json\/wp\/v2\/users\/3"}],"replies":[{"embeddable":true,"href":"https:\/\/www.usspainexecutives.org\/en\/wp-json\/wp\/v2\/comments?post=2287"}],"version-history":[{"count":1,"href":"https:\/\/www.usspainexecutives.org\/en\/wp-json\/wp\/v2\/posts\/2287\/revisions"}],"predecessor-version":[{"id":2288,"href":"https:\/\/www.usspainexecutives.org\/en\/wp-json\/wp\/v2\/posts\/2287\/revisions\/2288"}],"wp:attachment":[{"href":"https:\/\/www.usspainexecutives.org\/en\/wp-json\/wp\/v2\/media?parent=2287"}],"wp:term":[{"taxonomy":"category","embeddable":true,"href":"https:\/\/www.usspainexecutives.org\/en\/wp-json\/wp\/v2\/categories?post=2287"},{"taxonomy":"post_tag","embeddable":true,"href":"https:\/\/www.usspainexecutives.org\/en\/wp-json\/wp\/v2\/tags?post=2287"}],"curies":[{"name":"wp","href":"https:\/\/api.w.org\/{rel}","templated":true}]}}