{"id":2230,"date":"2024-03-20T10:49:25","date_gmt":"2024-03-20T10:49:25","guid":{"rendered":"https:\/\/www.usspainexecutives.org\/?p=2230"},"modified":"2024-03-20T10:49:25","modified_gmt":"2024-03-20T10:49:25","slug":"english-nueva-presidencia-new-presidency","status":"publish","type":"post","link":"https:\/\/www.usspainexecutives.org\/en\/2024\/03\/20\/english-nueva-presidencia-new-presidency\/","title":{"rendered":"Nueva Presidencia\/New Presidency"},"content":{"rendered":"<p><span style=\"font-weight: 400;\">Estimados socios del U.S.-Spain Executives Community:<\/span><\/p>\n<p>&nbsp;<\/p>\n<p><span style=\"font-weight: 400;\">Tras 10 magn\u00edficos a\u00f1os de Gonzalo Garcia asumiendo el mando de la organizaci\u00f3n como Presidente, queremos comunicaros nuestra gran ilusi\u00f3n por asumir los puestos de la nueva presidencia de USEC (Kat O\u2019Brien como Presidenta, y Esther Urios como Vice Presidenta).<\/span><\/p>\n<p><span style=\"font-weight: 400;\">Ambas estamos muy agradecidas por todo el trabajo que ha realizado Gonzalo para establecer y crecer la asociaci\u00f3n hasta hoy (alrededor de 400 miembros entre Estados Unidos y Espa\u00f1a), y sentimos un gran honor y responsabilidad por seguir sus pasos para liderar USEC.<\/span><\/p>\n<figure id=\"attachment_2229\" aria-describedby=\"caption-attachment-2229\" style=\"width: 192px\" class=\"wp-caption alignnone\"><a href=\"https:\/\/www.usspainexecutives.org\/wp-content\/uploads\/2024\/03\/Esther.jpg\"><img decoding=\"async\" class=\"size-full wp-image-2229\" src=\"https:\/\/www.usspainexecutives.org\/wp-content\/uploads\/2024\/03\/Esther.jpg\" alt=\"\" width=\"192\" height=\"193\" srcset=\"https:\/\/www.usspainexecutives.org\/wp-content\/uploads\/2024\/03\/Esther.jpg 192w, https:\/\/www.usspainexecutives.org\/wp-content\/uploads\/2024\/03\/Esther-150x150.jpg 150w\" sizes=\"(max-width: 192px) 100vw, 192px\" \/><\/a><figcaption id=\"caption-attachment-2229\" class=\"wp-caption-text\">Esther Urios, Vicepresidenta<\/figcaption><\/figure>\n<figure id=\"attachment_2231\" aria-describedby=\"caption-attachment-2231\" style=\"width: 300px\" class=\"wp-caption alignnone\"><a href=\"https:\/\/www.usspainexecutives.org\/wp-content\/uploads\/2024\/03\/KatOBrien.jpeg\"><img fetchpriority=\"high\" decoding=\"async\" class=\"size-medium wp-image-2231\" src=\"https:\/\/www.usspainexecutives.org\/wp-content\/uploads\/2024\/03\/KatOBrien-300x200.jpeg\" alt=\"\" width=\"300\" height=\"200\" srcset=\"https:\/\/www.usspainexecutives.org\/wp-content\/uploads\/2024\/03\/KatOBrien-300x200.jpeg 300w, https:\/\/www.usspainexecutives.org\/wp-content\/uploads\/2024\/03\/KatOBrien-1024x682.jpeg 1024w, https:\/\/www.usspainexecutives.org\/wp-content\/uploads\/2024\/03\/KatOBrien-768x512.jpeg 768w, https:\/\/www.usspainexecutives.org\/wp-content\/uploads\/2024\/03\/KatOBrien-1536x1024.jpeg 1536w, https:\/\/www.usspainexecutives.org\/wp-content\/uploads\/2024\/03\/KatOBrien.jpeg 2000w\" sizes=\"(max-width: 300px) 100vw, 300px\" \/><\/a><figcaption id=\"caption-attachment-2231\" class=\"wp-caption-text\">Kat O&#8217;Brien, Presidenta<\/figcaption><\/figure>\n<p><span style=\"font-weight: 400;\">En esta nueva e ilusionante etapa de USEC, tenemos la idea de organizar eventos tanto virtuales como presenciales en distintas localidades de Estados Unidos y Espa\u00f1a. Queremos expandir USEC junto a vosotros, por eso os invitamos a que nos escrib\u00e1is directamente con cualquier idea que teng\u00e1is para dar un impulso a esta magn\u00edfica asociaci\u00f3n. Nos pod\u00e9is escribir directamente a <\/span><a href=\"mailto:katobrienusec@gmail.com\"><span style=\"font-weight: 400;\">katobrienusec@gmail.com<\/span><\/a><span style=\"font-weight: 400;\"> o darnos vuestras ideas mediante el siguiente <\/span><a href=\"https:\/\/es.surveymonkey.com\/r\/RVW73Q5\"><span style=\"font-weight: 400;\">formulario<\/span><\/a><span style=\"font-weight: 400;\">. El \u00e9xito e impacto de USEC est\u00e1 en la mano de cada uno y tenemos la esperanza que con vuestras ideas y participaci\u00f3n activa podremos expandir la comunidad en tama\u00f1o e impacto, y as\u00ed fomentar las relaciones personales y de negocios entre aquellos interesados en ambos Espa\u00f1a y EE.UU.<\/span><\/p>\n<p><span style=\"font-weight: 400;\">En las pr\u00f3ximas semanas, anunciaremos los miembros de la Junta, o Board, pero queremos animar a que todos tom\u00e9is un rol participativo en USEC! Much\u00edsimas gracias a Gonzalo y a todos los que hab\u00e9is hecho posible el \u00e9xito de USEC hasta ahora!\u00a0<\/span><\/p>\n<p><span style=\"font-weight: 400;\">Saludos cordiales,<\/span><\/p>\n<p><span style=\"font-weight: 400;\">Kat y Esther<\/span><\/p>\n<p>&nbsp;<\/p>\n<p><span style=\"font-weight: 400;\">Dear members of the U.S.-Spain Executives Community:<\/span><\/p>\n<p><span style=\"font-weight: 400;\">After 10 magnificent years of Gonzalo Garcia leading the organization as President, we want to communicate to you our great excitement to take over the roles of the new presidency of USEC (Kat O\u2019Brien as President, and Esther Urios as Vice-President).<\/span><\/p>\n<p><span style=\"font-weight: 400;\">Both of us are very grateful for all the work that Gonzalo has done to establish and grow the organization to where it is today (close to 400 members between the U.S. and Spain), and we feel a great honor and responsibility to follow in his footsteps in leading USEC.\u00a0<\/span><\/p>\n<p><span style=\"font-weight: 400;\">In this new and exciting chapter for USEC, we would like to organize both virtual events as well as in-person events in various places in both the U.S. and Spain. We want to expand USEC together with all of you; hence we invite you to write us directly with any idea that you may have to give a push to this wonderful organization. You can write us directly at <\/span><a href=\"mailto:katobrienusec@gmail.com\"><span style=\"font-weight: 400;\">katobrienusec@gmail.com<\/span><\/a><span style=\"font-weight: 400;\"> or share your ideas via the following <\/span><a href=\"https:\/\/es.surveymonkey.com\/r\/RVW73Q5\"><span style=\"font-weight: 400;\">formula<\/span><\/a><span style=\"font-weight: 400;\">. The success and impact of USEC is in each of your hands, and we are hoping that with your ideas and participation, we can expand the community\u2019s size and impact, and really promote personal relationships and business relationships among those interested in both Spain and the U.S.<\/span><\/p>\n<p><span style=\"font-weight: 400;\">In coming weeks, we will announce the members of the Junta, or Board, but we want to encourage you all to take an active role in USEC! Many thanks to Gonzalo and to all those who have made USEC\u2019s success possible until now!<\/span><\/p>\n<p>&nbsp;<\/p>\n<p><span style=\"font-weight: 400;\">With warm regards,<\/span><\/p>\n<p><span style=\"font-weight: 400;\">Kat y Esther<\/span><\/p>","protected":false},"excerpt":{"rendered":"<p>Estimados socios del U.S.-Spain Executives Community: &nbsp; Tras 10 magn\u00edficos a\u00f1os de Gonzalo Garcia asumiendo el mando de la organizaci\u00f3n como Presidente, queremos comunicaros nuestra gran ilusi\u00f3n por asumir los puestos de la nueva presidencia de USEC (Kat O\u2019Brien como Presidenta, y Esther Urios como Vice Presidenta). Ambas estamos muy agradecidas por todo el trabajo [&hellip;]<\/p>\n","protected":false},"author":3,"featured_media":0,"comment_status":"closed","ping_status":"open","sticky":false,"template":"","format":"standard","meta":{"_genesis_hide_title":false,"_genesis_hide_breadcrumbs":false,"_genesis_hide_singular_image":false,"_genesis_hide_footer_widgets":false,"_genesis_custom_body_class":"","_genesis_custom_post_class":"","_genesis_layout":"","footnotes":""},"categories":[1],"tags":[],"class_list":{"0":"post-2230","1":"post","2":"type-post","3":"status-publish","4":"format-standard","6":"category-uncategorized","7":"entry"},"_links":{"self":[{"href":"https:\/\/www.usspainexecutives.org\/en\/wp-json\/wp\/v2\/posts\/2230","targetHints":{"allow":["GET"]}}],"collection":[{"href":"https:\/\/www.usspainexecutives.org\/en\/wp-json\/wp\/v2\/posts"}],"about":[{"href":"https:\/\/www.usspainexecutives.org\/en\/wp-json\/wp\/v2\/types\/post"}],"author":[{"embeddable":true,"href":"https:\/\/www.usspainexecutives.org\/en\/wp-json\/wp\/v2\/users\/3"}],"replies":[{"embeddable":true,"href":"https:\/\/www.usspainexecutives.org\/en\/wp-json\/wp\/v2\/comments?post=2230"}],"version-history":[{"count":1,"href":"https:\/\/www.usspainexecutives.org\/en\/wp-json\/wp\/v2\/posts\/2230\/revisions"}],"predecessor-version":[{"id":2232,"href":"https:\/\/www.usspainexecutives.org\/en\/wp-json\/wp\/v2\/posts\/2230\/revisions\/2232"}],"wp:attachment":[{"href":"https:\/\/www.usspainexecutives.org\/en\/wp-json\/wp\/v2\/media?parent=2230"}],"wp:term":[{"taxonomy":"category","embeddable":true,"href":"https:\/\/www.usspainexecutives.org\/en\/wp-json\/wp\/v2\/categories?post=2230"},{"taxonomy":"post_tag","embeddable":true,"href":"https:\/\/www.usspainexecutives.org\/en\/wp-json\/wp\/v2\/tags?post=2230"}],"curies":[{"name":"wp","href":"https:\/\/api.w.org\/{rel}","templated":true}]}}